{"id":287,"date":"2021-12-13T11:07:39","date_gmt":"2021-12-13T10:07:39","guid":{"rendered":"https:\/\/fsvahpuchov.sk\/?p=287"},"modified":"2021-12-13T11:07:40","modified_gmt":"2021-12-13T10:07:40","slug":"zo-zivota-vahu","status":"publish","type":"post","link":"https:\/\/fsvahpuchov.sk\/?p=287","title":{"rendered":"Zo \u017eivota V\u00e1hu\u2026"},"content":{"rendered":"\n<p>Po nieko\u013eko mesa\u010dnej individu\u00e1lnej pr\u00edprave, sme postupne zahajovali v men\u0161\u00edch skupink\u00e1ch aj pr\u00edpravu vonku pod\u013ea nastaven\u00fdch opatren\u00ed. Na na\u0161ej kr\u00e1snej s\u00e1le sme sa pri ve\u013ekom spolo\u010dnom tr\u00e9ningu op\u00e4\u0165 stretli v m\u00e1ji&nbsp;po&nbsp;dlh\u00fdch \u00f4smych mesiacoch. Naozaj n\u00e1m to ch\u00fdbalo a mali sme z toho ve\u013ek\u00fa&nbsp;rados\u0165.<\/p>\n\n\n\n<p>&nbsp;&nbsp;&nbsp;&nbsp;&nbsp;&nbsp;&nbsp;&nbsp;&nbsp;Prv\u00e9 vyst\u00fapenie, po tak dlhej pauze, sme pred div\u00e1kmi absolvovali na dom\u00e1cej p\u00f4de 20.j\u00fana &#8211; na Dni otvoren\u00fdch dver\u00ed P\u00fachovskej kult\u00fary v budove divadla. Okrem v\u00fdst\u00fapenia sme tam mali in\u0161talovan\u00fa edukat\u00edvnu v\u00fdstava krojov\u00fdch s\u00fa\u010dast\u00ed, ktor\u00fa&nbsp;si&nbsp;v ten de\u0148 mohli n\u00e1v\u0161tevn\u00edci pozrie\u0165 obohaten\u00fa v\u00fdkladom od n\u00e1\u0161ho tane\u010dn\u00edka Adama.<\/p>\n\n\n\n<figure class=\"wp-block-image size-large\"><img loading=\"lazy\" width=\"1024\" height=\"768\" src=\"https:\/\/fsvahpuchov.sk\/wp-content\/uploads\/2021\/12\/IMG_9381-1-1024x768.jpg\" alt=\"\" class=\"wp-image-290\" srcset=\"https:\/\/fsvahpuchov.sk\/wp-content\/uploads\/2021\/12\/IMG_9381-1-1024x768.jpg 1024w, https:\/\/fsvahpuchov.sk\/wp-content\/uploads\/2021\/12\/IMG_9381-1-300x225.jpg 300w, https:\/\/fsvahpuchov.sk\/wp-content\/uploads\/2021\/12\/IMG_9381-1-768x576.jpg 768w, https:\/\/fsvahpuchov.sk\/wp-content\/uploads\/2021\/12\/IMG_9381-1-1536x1152.jpg 1536w, https:\/\/fsvahpuchov.sk\/wp-content\/uploads\/2021\/12\/IMG_9381-1-2048x1536.jpg 2048w\" sizes=\"(max-width: 767px) 89vw, (max-width: 1000px) 54vw, (max-width: 1071px) 543px, 580px\" \/><\/figure>\n\n\n\n<p>&nbsp;&nbsp;&nbsp;&nbsp;&nbsp;&nbsp;&nbsp;&nbsp;&nbsp;V&nbsp;nede\u013eu 27.j\u00fana v amfite\u00e1tri v Lysej pod Makytou sa konal jubilejn\u00fd 25.ro\u010dn\u00edk podujatia Folkl\u00f3rna Lys\u00e1, kde sme sa predstavili ako hlavn\u00fd hos\u0165 region\u00e1lneho programu, ktor\u00fd oslavoval 25 rokov folkl\u00f3rnych skup\u00edn doliny. V z\u00e1vere mesiaca sme sa mali z\u00fa\u010dastni\u0165 v po\u013eskom Elku na 18.World Folklore Festival RAINBOW, vzh\u013eadom na vtedaj\u0161ie opatrenia sme sa na festivale predstavili len online formou &#8211; videopozdravom a videouk\u00e1\u017ekami na\u0161ej tvorby. Vtedaj\u0161ia situ\u00e1cia n\u00e1m tie\u017e nedovolila vycestova\u0165 ani na Kopani\u010d\u00e1rske slavnosti do Star\u00e9ho Hrozenkova.&nbsp;<\/p>\n\n\n\n<figure class=\"wp-block-image size-large\"><img loading=\"lazy\" width=\"1024\" height=\"768\" src=\"https:\/\/fsvahpuchov.sk\/wp-content\/uploads\/2021\/12\/IMG_9425-1-1024x768.jpg\" alt=\"\" class=\"wp-image-289\" srcset=\"https:\/\/fsvahpuchov.sk\/wp-content\/uploads\/2021\/12\/IMG_9425-1-1024x768.jpg 1024w, https:\/\/fsvahpuchov.sk\/wp-content\/uploads\/2021\/12\/IMG_9425-1-300x225.jpg 300w, https:\/\/fsvahpuchov.sk\/wp-content\/uploads\/2021\/12\/IMG_9425-1-768x576.jpg 768w, https:\/\/fsvahpuchov.sk\/wp-content\/uploads\/2021\/12\/IMG_9425-1-1536x1152.jpg 1536w, https:\/\/fsvahpuchov.sk\/wp-content\/uploads\/2021\/12\/IMG_9425-1-2048x1536.jpg 2048w\" sizes=\"(max-width: 767px) 89vw, (max-width: 1000px) 54vw, (max-width: 1071px) 543px, 580px\" \/><\/figure>\n\n\n\n<p>&nbsp;&nbsp;&nbsp;&nbsp;&nbsp;&nbsp;&nbsp;&nbsp;&nbsp;V\u00edkend 21.-22.augusta, ale u\u017e bol nabit\u00fd. V sobotu poobede sme \u00fa\u010dinkovali na ilavskom folkl\u00f3rnom podujat\u00ed a nede\u013en\u00e9 populudnie sme str\u00e1vili u\u017e na detskom programe P\u00fachovskej kult\u00fary &#8211; P\u00fachovsk\u00e9&nbsp;Ko\u010dkoviny, kde sa \u010das\u0165 na\u0161ich tane\u010dn\u00edkov predstavila v netradi\u010dnej \u00falohe &#8211; na jednom zo siedmych stanov\u00ed\u0161\u0165 sk\u00fa\u0161ali \u0161ikovnos\u0165 det\u00ed &#8211; preskakovan\u00edm cez cepy. \u010ea\u013e\u0161\u00ed v\u00edkend patril \u00fa\u010dinkovaniu na lok\u00e1lnom podujat\u00ed 700 rokov Dolnej Marikovej &#8211; de\u0148 obce s krstom kni\u017enej monografie.<\/p>\n\n\n\n<p>&nbsp;&nbsp;&nbsp;&nbsp;&nbsp;&nbsp;&nbsp;&nbsp;&nbsp;Prv\u00fd septembrov\u00fd v\u00edkend sme za\u010dali tane\u010dn\u00fdm s\u00fastreden\u00edm a skon\u010dili po\u010fakovan\u00edm&nbsp;za&nbsp;\u00farodu v ne\u010falekej Nimnici. N\u00e1sleduj\u00faci v\u00edkend patril 25.v\u00fdro\u010diu FSk Z\u00e1rie\u010danka, t\u00e1 si n\u00e1s pozvala ako hos\u0165a \u00fa\u010dinkova\u0165 v ich sl\u00e1vnostnej akad\u00e9mii, ktor\u00e1 sa pri tejto pr\u00edle\u017eitosti konala v p\u00fachovskom divadle.<\/p>\n\n\n\n<p>&nbsp;&nbsp;&nbsp;&nbsp;&nbsp;&nbsp;&nbsp;&nbsp;&nbsp;S\u00fabor naposledy obohatil vyst\u00fapen\u00edm septembrov\u00e9 sl\u00e1vnostn\u00e9 mestsk\u00e9 zastupite\u013estvo, kde boli in memoriam ocenen\u00ed dvaja nov\u00ed \u010destn\u00ed ob\u010dania mesta &#8211; p. Em\u00edlia \u010cibenkov\u00e1 a p. Milan H\u00fa\u017eevka, ktor\u00ed v roku 1971 st\u00e1li aj pri vzniku a prvotnom fungovan\u00ed na\u0161eho s\u00faboru.<\/p>\n\n\n\n<p>&nbsp;&nbsp;&nbsp;&nbsp;&nbsp;&nbsp;&nbsp;&nbsp;&nbsp;Zl\u00e1 epidemilogick\u00e1 situ\u00e1cia a novonastaven\u00e9 opatrenia sp\u00f4sobili, \u017ee tr\u00e9ningov\u00e1 \u010dinnos\u0165 bola v novembri op\u00e4\u0165 utlmen\u00e1. D\u00fafame, \u017ee nie na tak\u00fd dlh\u00fd \u010das ako pred rokom\u2026<\/p>\n\n\n\n<p><strong>Herbarium Populi Vagi 2022<\/strong><strong><\/strong><\/p>\n\n\n\n<p>&nbsp;&nbsp;&nbsp;&nbsp;&nbsp;&nbsp;&nbsp;&nbsp;&nbsp;Spolu s autorsk\u00fdm t\u00edmom, etnol\u00f3gom PhDr. Richardom Benechom, umeleck\u00fdm fotografom Michal Zahornacky Photography a grafikom Dominikom Hajkom, pokra\u010duje spolupr\u00e1ca u\u017e na 4.\u010dasti kalend\u00e1ra Herbarium Populi Vagi (Herb\u00e1r \u013eudu V\u00e1hu). Prv\u00fd diel 2019 bol venovan\u00fd \u013eudov\u00e9mu odevu strednej \u010dasti Stredn\u00e9ho Pova\u017eia od Dubnice nad V\u00e1hom po Pova\u017esk\u00fa Bystricu. Druh\u00fd diel 2020 bol venovan\u00fd krojom dolnej \u010dasti od Dubnice nad V\u00e1hom po Star\u00fa Lehotu a z\u00edskal ocenenie najkraj\u0161\u00ed n\u00e1stenn\u00fd kalend\u00e1r. Tret\u00ed diel 2021 prezentoval \u013eudov\u00fd odev Rajeckej doliny. Okrem kalend\u00e1rov je s\u00fa\u010das\u0165ou projektu aj tvorba zbierky ve\u013ekorozmern\u00fdch obrazov reprezentuj\u00facich sviato\u010dn\u00fd \u013eudov\u00fd odev Tren\u010dianskeho kraja, ktorej prv\u00e9 \u010dasti, z rokov 2019 a 2020, u\u017e boli vystavovan\u00e9&nbsp;v objekte kas\u00e1rn\u00ed na Tren\u010dianskom hrade, \u010di na Dubnickom folkl\u00f3rnom festivale.&nbsp;<\/p>\n\n\n\n<p>&nbsp;&nbsp;&nbsp;&nbsp;&nbsp;&nbsp;&nbsp;&nbsp;&nbsp;\u0160tvrt\u00fd diel pre rok 2022 pr\u00e1ve \u010dak\u00e1me na dodanie z tla\u010diarenskej firmy. Bude mapova\u0165 oblas\u0165 myjavsk\u00fdch kopan\u00edc a ich okolia na \u00fazem\u00ed Tren\u010dianskeho kraja. Okrem Brezovej pod Bradlom, Myjavy, Vrboviec, \u010di Hra\u0161n\u00e9ho, tak svoj odev bud\u00fa prezentova\u0165 aj mesto Star\u00e1 Tur\u00e1, obce Lubina, Bzince, Bo\u0161\u00e1ca alebo Podolie.&nbsp;<\/p>\n\n\n\n<figure class=\"wp-block-image size-large\"><img loading=\"lazy\" width=\"768\" height=\"1024\" src=\"https:\/\/fsvahpuchov.sk\/wp-content\/uploads\/2021\/12\/IMG_0780-1-768x1024.jpg\" alt=\"\" class=\"wp-image-288\" srcset=\"https:\/\/fsvahpuchov.sk\/wp-content\/uploads\/2021\/12\/IMG_0780-1-768x1024.jpg 768w, https:\/\/fsvahpuchov.sk\/wp-content\/uploads\/2021\/12\/IMG_0780-1-225x300.jpg 225w, https:\/\/fsvahpuchov.sk\/wp-content\/uploads\/2021\/12\/IMG_0780-1-1152x1536.jpg 1152w, https:\/\/fsvahpuchov.sk\/wp-content\/uploads\/2021\/12\/IMG_0780-1-1536x2048.jpg 1536w, https:\/\/fsvahpuchov.sk\/wp-content\/uploads\/2021\/12\/IMG_0780-1-scaled.jpg 1920w\" sizes=\"(max-width: 767px) 89vw, (max-width: 1000px) 54vw, (max-width: 1071px) 543px, 580px\" \/><\/figure>\n\n\n\n<p>&nbsp;&nbsp;&nbsp;&nbsp;&nbsp;&nbsp;&nbsp;&nbsp;&nbsp;Fotografovanie prebehlo 18.septembra v pova\u017eskobystrickom ateli\u00e9ri fotografa M. Zahornack\u00e9ho. V roli modelov sa predstavili tane\u010dn\u00edci a muzikanti s\u00faboru. Na obliekanie do niekedy a\u017e storo\u010dn\u00fdch odevn\u00fdch k\u00faskov dohliadali a usmer\u0148ovali miestni lok\u00e1lpatrioti, ktor\u00ed&nbsp;s t\u00fdmito krojmi merali cestu z kopan\u00edc a\u017e do fotografick\u00e9ho \u0161t\u00fadia. Po\u010das fotenia prebiehali obohacuj\u00face debaty miestnych udr\u017eiavate\u013eov trad\u00edci\u00ed&nbsp;s realiza\u010dn\u00fdm t\u00edmom (PhDr. Richardom Benechom a Mgr. Adamom Sta\u0148om). \u010clenovia s\u00faboru si zas mohli ochyta\u0165 a vysk\u00fa\u0161a\u0165&nbsp;archaick\u00e9&nbsp;kroje, a hlavne zap\u00f3zova\u0165 v roli model-a\/-ky pre nasleduj\u00faci ro\u010dn\u00edk kalend\u00e1ra Herbarium Populi Vagi 2022, ktor\u00fd v priebehu prvej polovice mesiaca december by mal by\u0165 dostupn\u00fd \u0161irokej verejnosti.<\/p>\n\n\n\n<figure class=\"wp-block-image size-large\"><img loading=\"lazy\" width=\"768\" height=\"1024\" src=\"https:\/\/fsvahpuchov.sk\/wp-content\/uploads\/2021\/12\/242877450_883117332319915_6738903442046261095_n-1-768x1024.jpg\" alt=\"\" class=\"wp-image-291\" srcset=\"https:\/\/fsvahpuchov.sk\/wp-content\/uploads\/2021\/12\/242877450_883117332319915_6738903442046261095_n-1-768x1024.jpg 768w, https:\/\/fsvahpuchov.sk\/wp-content\/uploads\/2021\/12\/242877450_883117332319915_6738903442046261095_n-1-225x300.jpg 225w, https:\/\/fsvahpuchov.sk\/wp-content\/uploads\/2021\/12\/242877450_883117332319915_6738903442046261095_n-1-1152x1536.jpg 1152w, https:\/\/fsvahpuchov.sk\/wp-content\/uploads\/2021\/12\/242877450_883117332319915_6738903442046261095_n-1.jpg 1536w\" sizes=\"(max-width: 767px) 89vw, (max-width: 1000px) 54vw, (max-width: 1071px) 543px, 580px\" \/><\/figure>\n\n\n\n<p>M.Rosina<\/p>\n","protected":false},"excerpt":{"rendered":"<p>Po nieko\u013eko mesa\u010dnej individu\u00e1lnej pr\u00edprave, sme postupne zahajovali v men\u0161\u00edch skupink\u00e1ch aj pr\u00edpravu vonku pod\u013ea nastaven\u00fdch opatren\u00ed. Na na\u0161ej kr\u00e1snej s\u00e1le sme sa pri ve\u013ekom spolo\u010dnom tr\u00e9ningu op\u00e4\u0165 stretli v m\u00e1ji&nbsp;po&nbsp;dlh\u00fdch \u00f4smych mesiacoch. Naozaj n\u00e1m to ch\u00fdbalo a mali sme z toho ve\u013ek\u00fa&nbsp;rados\u0165. &nbsp;&nbsp;&nbsp;&nbsp;&nbsp;&nbsp;&nbsp;&nbsp;&nbsp;Prv\u00e9 vyst\u00fapenie, po tak dlhej pauze, sme pred div\u00e1kmi absolvovali na dom\u00e1cej &hellip; <\/p>\n<p class=\"link-more\"><a href=\"https:\/\/fsvahpuchov.sk\/?p=287\" class=\"more-link\">Pokra\u010dova\u0165 v \u010d\u00edtan\u00ed<span class=\"screen-reader-text\"> &#8220;Zo \u017eivota V\u00e1hu\u2026&#8221;<\/span><\/a><\/p>\n","protected":false},"author":1,"featured_media":0,"comment_status":"closed","ping_status":"closed","sticky":false,"template":"","format":"standard","meta":[],"categories":[1],"tags":[],"yoast_head":"<!-- This site is optimized with the Yoast SEO plugin v17.6 - https:\/\/yoast.com\/wordpress\/plugins\/seo\/ -->\n<title>Zo \u017eivota V\u00e1hu\u2026 - FS V\u00e1h P\u00fachov<\/title>\n<meta name=\"robots\" content=\"index, follow, max-snippet:-1, max-image-preview:large, max-video-preview:-1\" \/>\n<link rel=\"canonical\" href=\"https:\/\/fsvahpuchov.sk\/?p=287\" \/>\n<meta property=\"og:locale\" content=\"sk_SK\" \/>\n<meta property=\"og:type\" content=\"article\" \/>\n<meta property=\"og:title\" content=\"Zo \u017eivota V\u00e1hu\u2026 - FS V\u00e1h P\u00fachov\" \/>\n<meta property=\"og:description\" content=\"Po nieko\u013eko mesa\u010dnej individu\u00e1lnej pr\u00edprave, sme postupne zahajovali v men\u0161\u00edch skupink\u00e1ch aj pr\u00edpravu vonku pod\u013ea nastaven\u00fdch opatren\u00ed. Na na\u0161ej kr\u00e1snej s\u00e1le sme sa pri ve\u013ekom spolo\u010dnom tr\u00e9ningu op\u00e4\u0165 stretli v m\u00e1ji&nbsp;po&nbsp;dlh\u00fdch \u00f4smych mesiacoch. Naozaj n\u00e1m to ch\u00fdbalo a mali sme z toho ve\u013ek\u00fa&nbsp;rados\u0165. &nbsp;&nbsp;&nbsp;&nbsp;&nbsp;&nbsp;&nbsp;&nbsp;&nbsp;Prv\u00e9 vyst\u00fapenie, po tak dlhej pauze, sme pred div\u00e1kmi absolvovali na dom\u00e1cej &hellip; Pokra\u010dova\u0165 v \u010d\u00edtan\u00ed &quot;Zo \u017eivota V\u00e1hu\u2026&quot;\" \/>\n<meta property=\"og:url\" content=\"https:\/\/fsvahpuchov.sk\/?p=287\" \/>\n<meta property=\"og:site_name\" content=\"FS V\u00e1h P\u00fachov\" \/>\n<meta property=\"article:publisher\" content=\"https:\/\/www.facebook.com\/pg\/fsvahpuchov\/\" \/>\n<meta property=\"article:published_time\" content=\"2021-12-13T10:07:39+00:00\" \/>\n<meta property=\"article:modified_time\" content=\"2021-12-13T10:07:40+00:00\" \/>\n<meta property=\"og:image\" content=\"https:\/\/fsvahpuchov.sk\/wp-content\/uploads\/2021\/12\/IMG_9381-1-1024x768.jpg\" \/>\n<meta name=\"twitter:card\" content=\"summary_large_image\" \/>\n<meta name=\"twitter:label1\" content=\"Autor:\" \/>\n\t<meta name=\"twitter:data1\" content=\"Katarina\" \/>\n\t<meta name=\"twitter:label2\" content=\"Predpokladan\u00fd \u010das \u010d\u00edtania\" \/>\n\t<meta name=\"twitter:data2\" content=\"4 min\u00faty\" \/>\n<script type=\"application\/ld+json\" class=\"yoast-schema-graph\">{\"@context\":\"https:\/\/schema.org\",\"@graph\":[{\"@type\":\"Organization\",\"@id\":\"https:\/\/fsvahpuchov.sk\/#organization\",\"name\":\"FS V\\u00e1h P\\u00fachov\",\"url\":\"https:\/\/fsvahpuchov.sk\/\",\"sameAs\":[\"https:\/\/www.facebook.com\/pg\/fsvahpuchov\/\",\"https:\/\/www.instagram.com\/fs_vah_puchov\/\"],\"logo\":{\"@type\":\"ImageObject\",\"@id\":\"https:\/\/fsvahpuchov.sk\/#logo\",\"inLanguage\":\"sk-SK\",\"url\":\"https:\/\/fsvahpuchov.sk\/wp-content\/uploads\/2020\/04\/cropped-45596869_10156600851966007_7359537593974784000_o-1-3.jpg\",\"contentUrl\":\"https:\/\/fsvahpuchov.sk\/wp-content\/uploads\/2020\/04\/cropped-45596869_10156600851966007_7359537593974784000_o-1-3.jpg\",\"width\":250,\"height\":250,\"caption\":\"FS V\\u00e1h P\\u00fachov\"},\"image\":{\"@id\":\"https:\/\/fsvahpuchov.sk\/#logo\"}},{\"@type\":\"WebSite\",\"@id\":\"https:\/\/fsvahpuchov.sk\/#website\",\"url\":\"https:\/\/fsvahpuchov.sk\/\",\"name\":\"FS V\\u00e1h P\\u00fachov\",\"description\":\"Folkl\\u00f3rny s\\u00fabor V\\u00e1h P\\u00fachov\",\"publisher\":{\"@id\":\"https:\/\/fsvahpuchov.sk\/#organization\"},\"potentialAction\":[{\"@type\":\"SearchAction\",\"target\":{\"@type\":\"EntryPoint\",\"urlTemplate\":\"https:\/\/fsvahpuchov.sk\/?s={search_term_string}\"},\"query-input\":\"required name=search_term_string\"}],\"inLanguage\":\"sk-SK\"},{\"@type\":\"ImageObject\",\"@id\":\"https:\/\/fsvahpuchov.sk\/?p=287#primaryimage\",\"inLanguage\":\"sk-SK\",\"url\":\"https:\/\/fsvahpuchov.sk\/wp-content\/uploads\/2021\/12\/IMG_9381-1-1024x768.jpg\",\"contentUrl\":\"https:\/\/fsvahpuchov.sk\/wp-content\/uploads\/2021\/12\/IMG_9381-1-1024x768.jpg\"},{\"@type\":\"WebPage\",\"@id\":\"https:\/\/fsvahpuchov.sk\/?p=287#webpage\",\"url\":\"https:\/\/fsvahpuchov.sk\/?p=287\",\"name\":\"Zo \\u017eivota V\\u00e1hu\\u2026 - FS V\\u00e1h P\\u00fachov\",\"isPartOf\":{\"@id\":\"https:\/\/fsvahpuchov.sk\/#website\"},\"primaryImageOfPage\":{\"@id\":\"https:\/\/fsvahpuchov.sk\/?p=287#primaryimage\"},\"datePublished\":\"2021-12-13T10:07:39+00:00\",\"dateModified\":\"2021-12-13T10:07:40+00:00\",\"breadcrumb\":{\"@id\":\"https:\/\/fsvahpuchov.sk\/?p=287#breadcrumb\"},\"inLanguage\":\"sk-SK\",\"potentialAction\":[{\"@type\":\"ReadAction\",\"target\":[\"https:\/\/fsvahpuchov.sk\/?p=287\"]}]},{\"@type\":\"BreadcrumbList\",\"@id\":\"https:\/\/fsvahpuchov.sk\/?p=287#breadcrumb\",\"itemListElement\":[{\"@type\":\"ListItem\",\"position\":1,\"name\":\"Domovsk\\u00e1 str\\u00e1nka\",\"item\":\"https:\/\/fsvahpuchov.sk\/\"},{\"@type\":\"ListItem\",\"position\":2,\"name\":\"Zo \\u017eivota V\\u00e1hu\\u2026\"}]},{\"@type\":\"Article\",\"@id\":\"https:\/\/fsvahpuchov.sk\/?p=287#article\",\"isPartOf\":{\"@id\":\"https:\/\/fsvahpuchov.sk\/?p=287#webpage\"},\"author\":{\"@id\":\"https:\/\/fsvahpuchov.sk\/#\/schema\/person\/a1a7e366bd5155f0fd138f4ade73b0cf\"},\"headline\":\"Zo \\u017eivota V\\u00e1hu\\u2026\",\"datePublished\":\"2021-12-13T10:07:39+00:00\",\"dateModified\":\"2021-12-13T10:07:40+00:00\",\"mainEntityOfPage\":{\"@id\":\"https:\/\/fsvahpuchov.sk\/?p=287#webpage\"},\"wordCount\":893,\"publisher\":{\"@id\":\"https:\/\/fsvahpuchov.sk\/#organization\"},\"image\":{\"@id\":\"https:\/\/fsvahpuchov.sk\/?p=287#primaryimage\"},\"thumbnailUrl\":\"https:\/\/fsvahpuchov.sk\/wp-content\/uploads\/2021\/12\/IMG_9381-1-1024x768.jpg\",\"inLanguage\":\"sk-SK\"},{\"@type\":\"Person\",\"@id\":\"https:\/\/fsvahpuchov.sk\/#\/schema\/person\/a1a7e366bd5155f0fd138f4ade73b0cf\",\"name\":\"Katarina\",\"image\":{\"@type\":\"ImageObject\",\"@id\":\"https:\/\/fsvahpuchov.sk\/#personlogo\",\"inLanguage\":\"sk-SK\",\"url\":\"https:\/\/secure.gravatar.com\/avatar\/3feb115d94a165b53e51e9b7197ca2ff?s=96&d=mm&r=g\",\"contentUrl\":\"https:\/\/secure.gravatar.com\/avatar\/3feb115d94a165b53e51e9b7197ca2ff?s=96&d=mm&r=g\",\"caption\":\"Katarina\"},\"sameAs\":[\"http:\/\/fsvahpuchov.sk\"]}]}<\/script>\n<!-- \/ Yoast SEO plugin. -->","yoast_head_json":{"title":"Zo \u017eivota V\u00e1hu\u2026 - FS V\u00e1h P\u00fachov","robots":{"index":"index","follow":"follow","max-snippet":"max-snippet:-1","max-image-preview":"max-image-preview:large","max-video-preview":"max-video-preview:-1"},"canonical":"https:\/\/fsvahpuchov.sk\/?p=287","og_locale":"sk_SK","og_type":"article","og_title":"Zo \u017eivota V\u00e1hu\u2026 - FS V\u00e1h P\u00fachov","og_description":"Po nieko\u013eko mesa\u010dnej individu\u00e1lnej pr\u00edprave, sme postupne zahajovali v men\u0161\u00edch skupink\u00e1ch aj pr\u00edpravu vonku pod\u013ea nastaven\u00fdch opatren\u00ed. Na na\u0161ej kr\u00e1snej s\u00e1le sme sa pri ve\u013ekom spolo\u010dnom tr\u00e9ningu op\u00e4\u0165 stretli v m\u00e1ji&nbsp;po&nbsp;dlh\u00fdch \u00f4smych mesiacoch. Naozaj n\u00e1m to ch\u00fdbalo a mali sme z toho ve\u013ek\u00fa&nbsp;rados\u0165. &nbsp;&nbsp;&nbsp;&nbsp;&nbsp;&nbsp;&nbsp;&nbsp;&nbsp;Prv\u00e9 vyst\u00fapenie, po tak dlhej pauze, sme pred div\u00e1kmi absolvovali na dom\u00e1cej &hellip; Pokra\u010dova\u0165 v \u010d\u00edtan\u00ed \"Zo \u017eivota V\u00e1hu\u2026\"","og_url":"https:\/\/fsvahpuchov.sk\/?p=287","og_site_name":"FS V\u00e1h P\u00fachov","article_publisher":"https:\/\/www.facebook.com\/pg\/fsvahpuchov\/","article_published_time":"2021-12-13T10:07:39+00:00","article_modified_time":"2021-12-13T10:07:40+00:00","og_image":[{"url":"https:\/\/fsvahpuchov.sk\/wp-content\/uploads\/2021\/12\/IMG_9381-1-1024x768.jpg"}],"twitter_card":"summary_large_image","twitter_misc":{"Autor:":"Katarina","Predpokladan\u00fd \u010das \u010d\u00edtania":"4 min\u00faty"},"schema":{"@context":"https:\/\/schema.org","@graph":[{"@type":"Organization","@id":"https:\/\/fsvahpuchov.sk\/#organization","name":"FS V\u00e1h P\u00fachov","url":"https:\/\/fsvahpuchov.sk\/","sameAs":["https:\/\/www.facebook.com\/pg\/fsvahpuchov\/","https:\/\/www.instagram.com\/fs_vah_puchov\/"],"logo":{"@type":"ImageObject","@id":"https:\/\/fsvahpuchov.sk\/#logo","inLanguage":"sk-SK","url":"https:\/\/fsvahpuchov.sk\/wp-content\/uploads\/2020\/04\/cropped-45596869_10156600851966007_7359537593974784000_o-1-3.jpg","contentUrl":"https:\/\/fsvahpuchov.sk\/wp-content\/uploads\/2020\/04\/cropped-45596869_10156600851966007_7359537593974784000_o-1-3.jpg","width":250,"height":250,"caption":"FS V\u00e1h P\u00fachov"},"image":{"@id":"https:\/\/fsvahpuchov.sk\/#logo"}},{"@type":"WebSite","@id":"https:\/\/fsvahpuchov.sk\/#website","url":"https:\/\/fsvahpuchov.sk\/","name":"FS V\u00e1h P\u00fachov","description":"Folkl\u00f3rny s\u00fabor V\u00e1h P\u00fachov","publisher":{"@id":"https:\/\/fsvahpuchov.sk\/#organization"},"potentialAction":[{"@type":"SearchAction","target":{"@type":"EntryPoint","urlTemplate":"https:\/\/fsvahpuchov.sk\/?s={search_term_string}"},"query-input":"required name=search_term_string"}],"inLanguage":"sk-SK"},{"@type":"ImageObject","@id":"https:\/\/fsvahpuchov.sk\/?p=287#primaryimage","inLanguage":"sk-SK","url":"https:\/\/fsvahpuchov.sk\/wp-content\/uploads\/2021\/12\/IMG_9381-1-1024x768.jpg","contentUrl":"https:\/\/fsvahpuchov.sk\/wp-content\/uploads\/2021\/12\/IMG_9381-1-1024x768.jpg"},{"@type":"WebPage","@id":"https:\/\/fsvahpuchov.sk\/?p=287#webpage","url":"https:\/\/fsvahpuchov.sk\/?p=287","name":"Zo \u017eivota V\u00e1hu\u2026 - FS V\u00e1h P\u00fachov","isPartOf":{"@id":"https:\/\/fsvahpuchov.sk\/#website"},"primaryImageOfPage":{"@id":"https:\/\/fsvahpuchov.sk\/?p=287#primaryimage"},"datePublished":"2021-12-13T10:07:39+00:00","dateModified":"2021-12-13T10:07:40+00:00","breadcrumb":{"@id":"https:\/\/fsvahpuchov.sk\/?p=287#breadcrumb"},"inLanguage":"sk-SK","potentialAction":[{"@type":"ReadAction","target":["https:\/\/fsvahpuchov.sk\/?p=287"]}]},{"@type":"BreadcrumbList","@id":"https:\/\/fsvahpuchov.sk\/?p=287#breadcrumb","itemListElement":[{"@type":"ListItem","position":1,"name":"Domovsk\u00e1 str\u00e1nka","item":"https:\/\/fsvahpuchov.sk\/"},{"@type":"ListItem","position":2,"name":"Zo \u017eivota V\u00e1hu\u2026"}]},{"@type":"Article","@id":"https:\/\/fsvahpuchov.sk\/?p=287#article","isPartOf":{"@id":"https:\/\/fsvahpuchov.sk\/?p=287#webpage"},"author":{"@id":"https:\/\/fsvahpuchov.sk\/#\/schema\/person\/a1a7e366bd5155f0fd138f4ade73b0cf"},"headline":"Zo \u017eivota V\u00e1hu\u2026","datePublished":"2021-12-13T10:07:39+00:00","dateModified":"2021-12-13T10:07:40+00:00","mainEntityOfPage":{"@id":"https:\/\/fsvahpuchov.sk\/?p=287#webpage"},"wordCount":893,"publisher":{"@id":"https:\/\/fsvahpuchov.sk\/#organization"},"image":{"@id":"https:\/\/fsvahpuchov.sk\/?p=287#primaryimage"},"thumbnailUrl":"https:\/\/fsvahpuchov.sk\/wp-content\/uploads\/2021\/12\/IMG_9381-1-1024x768.jpg","inLanguage":"sk-SK"},{"@type":"Person","@id":"https:\/\/fsvahpuchov.sk\/#\/schema\/person\/a1a7e366bd5155f0fd138f4ade73b0cf","name":"Katarina","image":{"@type":"ImageObject","@id":"https:\/\/fsvahpuchov.sk\/#personlogo","inLanguage":"sk-SK","url":"https:\/\/secure.gravatar.com\/avatar\/3feb115d94a165b53e51e9b7197ca2ff?s=96&d=mm&r=g","contentUrl":"https:\/\/secure.gravatar.com\/avatar\/3feb115d94a165b53e51e9b7197ca2ff?s=96&d=mm&r=g","caption":"Katarina"},"sameAs":["http:\/\/fsvahpuchov.sk"]}]}},"_links":{"self":[{"href":"https:\/\/fsvahpuchov.sk\/index.php?rest_route=\/wp\/v2\/posts\/287"}],"collection":[{"href":"https:\/\/fsvahpuchov.sk\/index.php?rest_route=\/wp\/v2\/posts"}],"about":[{"href":"https:\/\/fsvahpuchov.sk\/index.php?rest_route=\/wp\/v2\/types\/post"}],"author":[{"embeddable":true,"href":"https:\/\/fsvahpuchov.sk\/index.php?rest_route=\/wp\/v2\/users\/1"}],"replies":[{"embeddable":true,"href":"https:\/\/fsvahpuchov.sk\/index.php?rest_route=%2Fwp%2Fv2%2Fcomments&post=287"}],"version-history":[{"count":1,"href":"https:\/\/fsvahpuchov.sk\/index.php?rest_route=\/wp\/v2\/posts\/287\/revisions"}],"predecessor-version":[{"id":292,"href":"https:\/\/fsvahpuchov.sk\/index.php?rest_route=\/wp\/v2\/posts\/287\/revisions\/292"}],"wp:attachment":[{"href":"https:\/\/fsvahpuchov.sk\/index.php?rest_route=%2Fwp%2Fv2%2Fmedia&parent=287"}],"wp:term":[{"taxonomy":"category","embeddable":true,"href":"https:\/\/fsvahpuchov.sk\/index.php?rest_route=%2Fwp%2Fv2%2Fcategories&post=287"},{"taxonomy":"post_tag","embeddable":true,"href":"https:\/\/fsvahpuchov.sk\/index.php?rest_route=%2Fwp%2Fv2%2Ftags&post=287"}],"curies":[{"name":"wp","href":"https:\/\/api.w.org\/{rel}","templated":true}]}}